{"id":2478,"date":"2020-11-06T09:41:05","date_gmt":"2020-11-06T04:11:05","guid":{"rendered":"https:\/\/gjepc.org\/solitaire\/?p=2478"},"modified":"2021-06-09T11:14:38","modified_gmt":"2021-06-09T05:44:38","slug":"sarah-faberge-the-legacy-keeper","status":"publish","type":"post","link":"https:\/\/gjepc.org\/solitaire\/sarah-faberge-the-legacy-keeper\/","title":{"rendered":"Sarah Faberg\u00e9: The Legacy Keeper"},"content":{"rendered":"\n<h4 class=\"wp-block-heading\">Faberg\u00e9, the 178-year-old iconic jewellery brand, marked the death centenary of the creative genius Peter Carl Faberg\u00e9 on 24th September this year. In an exclusive interview with Solitaire, his great granddaughter <strong>Sarah Faberg\u00e9<\/strong>, a founder member of The Faberg\u00e9 Heritage Council, speaksabout the journey of reviving a jewellery legacy and the company\u2019s plans for the Indian market.<\/h4>\n\n\n\n<div class=\"wp-block-image\"><figure class=\"aligncenter size-large is-resized\"><a href=\"https:\/\/gjepc.org\/solitaire\/wp-content\/uploads\/2020\/11\/Sarah-Faberge.jpg\" rel=\"mfp\"><img loading=\"lazy\" decoding=\"async\" src=\"data:image\/gif;base64,R0lGODlhAQABAAAAACH5BAEKAAEALAAAAAABAAEAAAICTAEAOw==\" data-src=\"https:\/\/gjepc.org\/solitaire\/wp-content\/uploads\/2020\/11\/Sarah-Faberge-683x1024.jpg\" alt=\"\" class=\"wp-image-2485 lazyload\" width=\"442\" height=\"662\" data-sizes=\"auto\" data-srcset=\"https:\/\/gjepc.org\/solitaire\/wp-content\/uploads\/2020\/11\/Sarah-Faberge-683x1024.jpg 683w, https:\/\/gjepc.org\/solitaire\/wp-content\/uploads\/2020\/11\/Sarah-Faberge-200x300.jpg 200w, https:\/\/gjepc.org\/solitaire\/wp-content\/uploads\/2020\/11\/Sarah-Faberge-768x1152.jpg 768w, https:\/\/gjepc.org\/solitaire\/wp-content\/uploads\/2020\/11\/Sarah-Faberge-450x675.jpg 450w, https:\/\/gjepc.org\/solitaire\/wp-content\/uploads\/2020\/11\/Sarah-Faberge-225x338.jpg 225w, https:\/\/gjepc.org\/solitaire\/wp-content\/uploads\/2020\/11\/Sarah-Faberge-900x1350.jpg 900w, https:\/\/gjepc.org\/solitaire\/wp-content\/uploads\/2020\/11\/Sarah-Faberge-20x30.jpg 20w, https:\/\/gjepc.org\/solitaire\/wp-content\/uploads\/2020\/11\/Sarah-Faberge-64x96.jpg 64w, https:\/\/gjepc.org\/solitaire\/wp-content\/uploads\/2020\/11\/Sarah-Faberge.jpg 1000w\" sizes=\"auto, (max-width: 442px) 100vw, 442px\" \/><\/a><figcaption>Sarah Faberge<\/figcaption><\/figure><\/div>\n\n\n\n<p><strong>How and when did you realise as a child that you were part of a world-renowned legacy and what propelled you to take charge of the company\u2019s reins? &nbsp;<\/strong><br><br>I grew up with a very creative and inspirational father who was keen to tell me about the heritage he slowly discovered. Something that will stay with me always is my first trip to St. Petersburg, Russia, or to be exact, Leningrad as it was then known. Dad naturally wanted to discover more about his heritage and for me to see Russia and, in particular, the treasures of the Hermitage Museum. It was only then that I began to understand the true significance of Faberg\u00e9 to Russian history and the sublime creativity and craftsmanship that was so appealing to a global audience. &nbsp;Neither of us imagined for one moment that we would once again be associated with the long lost trademark although we had both, along the way, designed and in the case of my father designed and created for a Faberg\u00e9-inspired company. &nbsp;<br><br>In 2007, I was approached by the new owners of the trademark to become a founder member of The Faberg\u00e9 Heritage Council. Today, I am also Faberg\u00e9\u2019s Director of Special Projects which enables me to look for collaborative opportunities. As an ambassador for the company, I represent Faberg\u00e9 at events both in the UK and overseas and while there are always challenges, as with any work, I love the variety these different roles bring. I am passionate about Faberg\u00e9 and very fortunate to work with a small and talented team of people who share this passion. &nbsp;&nbsp;<\/p>\n\n\n\n<div class=\"wp-block-image\"><figure class=\"aligncenter size-large is-resized\"><a href=\"https:\/\/gjepc.org\/solitaire\/wp-content\/uploads\/2020\/11\/Emotion-multi-coloured-18-karat-yellow-gold-pendant-necklace-features-multi-coloured-sapphires-rubies-emeralds-and-tsavorites-by-Faberge..jpg\" rel=\"mfp\"><img loading=\"lazy\" decoding=\"async\" src=\"data:image\/gif;base64,R0lGODlhAQABAAAAACH5BAEKAAEALAAAAAABAAEAAAICTAEAOw==\" data-src=\"https:\/\/gjepc.org\/solitaire\/wp-content\/uploads\/2020\/11\/Emotion-multi-coloured-18-karat-yellow-gold-pendant-necklace-features-multi-coloured-sapphires-rubies-emeralds-and-tsavorites-by-Faberge.-539x1024.jpg\" alt=\"\" class=\"wp-image-2482 lazyload\" width=\"292\" height=\"555\" data-sizes=\"auto\" data-srcset=\"https:\/\/gjepc.org\/solitaire\/wp-content\/uploads\/2020\/11\/Emotion-multi-coloured-18-karat-yellow-gold-pendant-necklace-features-multi-coloured-sapphires-rubies-emeralds-and-tsavorites-by-Faberge.-539x1024.jpg 539w, https:\/\/gjepc.org\/solitaire\/wp-content\/uploads\/2020\/11\/Emotion-multi-coloured-18-karat-yellow-gold-pendant-necklace-features-multi-coloured-sapphires-rubies-emeralds-and-tsavorites-by-Faberge.-158x300.jpg 158w, https:\/\/gjepc.org\/solitaire\/wp-content\/uploads\/2020\/11\/Emotion-multi-coloured-18-karat-yellow-gold-pendant-necklace-features-multi-coloured-sapphires-rubies-emeralds-and-tsavorites-by-Faberge.-768x1458.jpg 768w, https:\/\/gjepc.org\/solitaire\/wp-content\/uploads\/2020\/11\/Emotion-multi-coloured-18-karat-yellow-gold-pendant-necklace-features-multi-coloured-sapphires-rubies-emeralds-and-tsavorites-by-Faberge.-809x1536.jpg 809w, https:\/\/gjepc.org\/solitaire\/wp-content\/uploads\/2020\/11\/Emotion-multi-coloured-18-karat-yellow-gold-pendant-necklace-features-multi-coloured-sapphires-rubies-emeralds-and-tsavorites-by-Faberge.-1079x2048.jpg 1079w, https:\/\/gjepc.org\/solitaire\/wp-content\/uploads\/2020\/11\/Emotion-multi-coloured-18-karat-yellow-gold-pendant-necklace-features-multi-coloured-sapphires-rubies-emeralds-and-tsavorites-by-Faberge.-450x854.jpg 450w, https:\/\/gjepc.org\/solitaire\/wp-content\/uploads\/2020\/11\/Emotion-multi-coloured-18-karat-yellow-gold-pendant-necklace-features-multi-coloured-sapphires-rubies-emeralds-and-tsavorites-by-Faberge.-225x427.jpg 225w, https:\/\/gjepc.org\/solitaire\/wp-content\/uploads\/2020\/11\/Emotion-multi-coloured-18-karat-yellow-gold-pendant-necklace-features-multi-coloured-sapphires-rubies-emeralds-and-tsavorites-by-Faberge.-900x1709.jpg 900w, https:\/\/gjepc.org\/solitaire\/wp-content\/uploads\/2020\/11\/Emotion-multi-coloured-18-karat-yellow-gold-pendant-necklace-features-multi-coloured-sapphires-rubies-emeralds-and-tsavorites-by-Faberge.-20x38.jpg 20w, https:\/\/gjepc.org\/solitaire\/wp-content\/uploads\/2020\/11\/Emotion-multi-coloured-18-karat-yellow-gold-pendant-necklace-features-multi-coloured-sapphires-rubies-emeralds-and-tsavorites-by-Faberge.-51x96.jpg 51w, https:\/\/gjepc.org\/solitaire\/wp-content\/uploads\/2020\/11\/Emotion-multi-coloured-18-karat-yellow-gold-pendant-necklace-features-multi-coloured-sapphires-rubies-emeralds-and-tsavorites-by-Faberge..jpg 1200w\" sizes=\"auto, (max-width: 292px) 100vw, 292px\" \/><\/a><figcaption>Emotion multi-coloured 18-karat yellow gold pendant necklace features multi-coloured sapphires, rubies, emeralds and tsavorites by Faberge.<\/figcaption><\/figure><\/div>\n\n\n\n<p><strong>Do you believe that your creative streak stems from the rich lineage? Do you visit Russia to find the missing links and the Faberg\u00e9 treasures \u2013 which&nbsp;may be owned by private collectors?&nbsp;<\/strong><br><br>The question of nature or nurture is a tough one. I am naturally inspired by the heritage and spirit of Peter Carl Faberg\u00e9 and by my father Theo\u2019s ingenuity, inventiveness and enthusiasm for the arts. I think creativity is a mixture of the past and of keeping your eyes and mind open in the present!&nbsp;<br><br>I love visiting Russia. To reconnect, to learn about the fascinating country and culture my ancestors had to leave behind. It is always fascinating to see Faberg\u00e9 works of art. The company was prolific in its output and the variety of items created were extensive. This gives today&#8217;s Faberg\u00e9 Company a rich pool of ideas from which to draw our inspirations. &nbsp;<br><br><strong>Do you also design jewellery? If so, we would love to know about your design processes and the collections that you have created. &nbsp;<\/strong><br><br>I am not a trained designer, instead I have concepts. To give an example I discussed the concept for Myst\u00e9re with our very talented in-house designer and she then brought it to life. The Myst\u00e9re Faberg\u00e9 pendant, which can also be worn as a brooch, represents our heritage and support of the artisan. The design evokes a feeling of movement and the art of turning on a lathe so loved by my father Theo. In silver, Myst\u00e9re comes in one of three colours inspired by gentle skies over St. Petersburg &#8211; soft pink, misty blue and soft white. &nbsp;<\/p>\n\n\n\n<p><strong>We would like to know the function of the Faberg\u00e9 Heritage Council. Where is it set up and what is its role as a torchbearer of the brand? &nbsp;<\/strong><\/p>\n\n\n\n<p>The Faberg\u00e9 Heritage Council was formed in 2007 to counsel the unified Faberg\u00e9 brand in its pursuit of excellence and exclusivity and to advise and provide guidance on Peter Carl Faberg\u00e9 and his legacy. As mentioned above, I am a founder member together with John Andrew, a connoisseur and Faberg\u00e9\u2019s Archivist.&nbsp; Faberg\u00e9\u2019s Curatorial Director, the world-renowned expert, Dr. G\u00e9za von Habsburg is the third member of the Heritage Council. Members of the Council are often invited to attend events on behalf of Faberg\u00e9, to make guest speeches or to support related projects or initiatives. We all act as brand ambassadors.&nbsp;<\/p>\n\n\n\n<p>Past founder members were my cousin Tatiana Faberg\u00e9 (1930-2020) and my father Theo Faberg\u00e9 (1922-2007). &nbsp;<\/p>\n\n\n\n<div class=\"wp-block-image\"><figure class=\"aligncenter size-large is-resized\"><a href=\"https:\/\/gjepc.org\/solitaire\/wp-content\/uploads\/2020\/11\/Faberg\u00e9-Rotschild-Egg.jpg\" rel=\"mfp\"><img loading=\"lazy\" decoding=\"async\" src=\"data:image\/gif;base64,R0lGODlhAQABAAAAACH5BAEKAAEALAAAAAABAAEAAAICTAEAOw==\" data-src=\"https:\/\/gjepc.org\/solitaire\/wp-content\/uploads\/2020\/11\/Faberg\u00e9-Rotschild-Egg-639x1024.jpg\" alt=\"\" class=\"wp-image-2484 lazyload\" width=\"398\" height=\"638\" data-sizes=\"auto\" data-srcset=\"https:\/\/gjepc.org\/solitaire\/wp-content\/uploads\/2020\/11\/Faberg\u00e9-Rotschild-Egg-639x1024.jpg 639w, https:\/\/gjepc.org\/solitaire\/wp-content\/uploads\/2020\/11\/Faberg\u00e9-Rotschild-Egg-187x300.jpg 187w, https:\/\/gjepc.org\/solitaire\/wp-content\/uploads\/2020\/11\/Faberg\u00e9-Rotschild-Egg-768x1230.jpg 768w, https:\/\/gjepc.org\/solitaire\/wp-content\/uploads\/2020\/11\/Faberg\u00e9-Rotschild-Egg-959x1536.jpg 959w, https:\/\/gjepc.org\/solitaire\/wp-content\/uploads\/2020\/11\/Faberg\u00e9-Rotschild-Egg-1279x2048.jpg 1279w, https:\/\/gjepc.org\/solitaire\/wp-content\/uploads\/2020\/11\/Faberg\u00e9-Rotschild-Egg-450x721.jpg 450w, https:\/\/gjepc.org\/solitaire\/wp-content\/uploads\/2020\/11\/Faberg\u00e9-Rotschild-Egg-225x360.jpg 225w, https:\/\/gjepc.org\/solitaire\/wp-content\/uploads\/2020\/11\/Faberg\u00e9-Rotschild-Egg-900x1441.jpg 900w, https:\/\/gjepc.org\/solitaire\/wp-content\/uploads\/2020\/11\/Faberg\u00e9-Rotschild-Egg-1350x2162.jpg 1350w, https:\/\/gjepc.org\/solitaire\/wp-content\/uploads\/2020\/11\/Faberg\u00e9-Rotschild-Egg-20x32.jpg 20w, https:\/\/gjepc.org\/solitaire\/wp-content\/uploads\/2020\/11\/Faberg\u00e9-Rotschild-Egg-60x96.jpg 60w, https:\/\/gjepc.org\/solitaire\/wp-content\/uploads\/2020\/11\/Faberg\u00e9-Rotschild-Egg.jpg 1561w\" sizes=\"auto, (max-width: 398px) 100vw, 398px\" \/><\/a><figcaption>Faberg\u00e9 Rotschild Egg<\/figcaption><\/figure><\/div>\n\n\n\n<p><strong>When Gemfields bought the Faberg\u00e9 name, you and your (late) cousin, Tatiana were taken on board. What were the steps taken by you to resurrect the magic of Faberg\u00e9 once again?&nbsp; &nbsp;<br><\/strong><br>It was decided that the company should begin again with a collection of high jewellery and so our then Creative Director, the very talented Katharina Flohr, collaborated with the late Frederic Zaavi (whose exquisite work was known and recommended by cousin Tatiana Faberg\u00e9) to relaunch the company at 9am on 9<sup>th<\/sup> September 2009 at Goodwood House in Sussex with 100 &nbsp;spectacular pieces of his work. Subsequently, in 2009, bejewelled eggs and smaller egg pendants were revealed during Paris Couture week. We have been gently building our collections to include high and fine jewellery, <em>objet<\/em> and award-winning timepieces which push the boundaries of design and include innovative movements.&nbsp; &nbsp;<\/p>\n\n\n\n<p><strong>Tell us about the collections you exhibited at Vicenzaoro. How were the collections received since this was Faberg\u00e9\u2019s first foray at Vicenzaoro?&nbsp;<\/strong><\/p>\n\n\n\n<p>It was our first time exhibiting at Vicenzaoro and Faberg\u00e9 was extremely well received. It provided a fantastic opportunity to showcase our wonderful collections and explain how Faberg\u00e9 was a design-led artist-jeweller with a penchant for colour through both stones and reviving the lost art of enamelling. Exhibition visitors were fascinated to learn about the history and marvel at the craftsmanship of the pieces. &nbsp;<\/p>\n\n\n\n<div class=\"wp-block-image\"><figure class=\"aligncenter size-large is-resized\"><a href=\"https:\/\/gjepc.org\/solitaire\/wp-content\/uploads\/2020\/11\/Faberg\u00e9-Pearl-Egg-Closed-2015.jpg\" rel=\"mfp\"><img loading=\"lazy\" decoding=\"async\" src=\"data:image\/gif;base64,R0lGODlhAQABAAAAACH5BAEKAAEALAAAAAABAAEAAAICTAEAOw==\" data-src=\"https:\/\/gjepc.org\/solitaire\/wp-content\/uploads\/2020\/11\/Faberg\u00e9-Pearl-Egg-Closed-2015-791x1024.jpg\" alt=\"\" class=\"wp-image-2483 lazyload\" width=\"393\" height=\"509\" data-sizes=\"auto\" data-srcset=\"https:\/\/gjepc.org\/solitaire\/wp-content\/uploads\/2020\/11\/Faberg\u00e9-Pearl-Egg-Closed-2015-791x1024.jpg 791w, https:\/\/gjepc.org\/solitaire\/wp-content\/uploads\/2020\/11\/Faberg\u00e9-Pearl-Egg-Closed-2015-232x300.jpg 232w, https:\/\/gjepc.org\/solitaire\/wp-content\/uploads\/2020\/11\/Faberg\u00e9-Pearl-Egg-Closed-2015-768x995.jpg 768w, https:\/\/gjepc.org\/solitaire\/wp-content\/uploads\/2020\/11\/Faberg\u00e9-Pearl-Egg-Closed-2015-1186x1536.jpg 1186w, https:\/\/gjepc.org\/solitaire\/wp-content\/uploads\/2020\/11\/Faberg\u00e9-Pearl-Egg-Closed-2015-450x583.jpg 450w, https:\/\/gjepc.org\/solitaire\/wp-content\/uploads\/2020\/11\/Faberg\u00e9-Pearl-Egg-Closed-2015-20x26.jpg 20w, https:\/\/gjepc.org\/solitaire\/wp-content\/uploads\/2020\/11\/Faberg\u00e9-Pearl-Egg-Closed-2015-225x291.jpg 225w, https:\/\/gjepc.org\/solitaire\/wp-content\/uploads\/2020\/11\/Faberg\u00e9-Pearl-Egg-Closed-2015-900x1166.jpg 900w, https:\/\/gjepc.org\/solitaire\/wp-content\/uploads\/2020\/11\/Faberg\u00e9-Pearl-Egg-Closed-2015-1350x1749.jpg 1350w, https:\/\/gjepc.org\/solitaire\/wp-content\/uploads\/2020\/11\/Faberg\u00e9-Pearl-Egg-Closed-2015-74x96.jpg 74w, https:\/\/gjepc.org\/solitaire\/wp-content\/uploads\/2020\/11\/Faberg\u00e9-Pearl-Egg-Closed-2015.jpg 1500w\" sizes=\"auto, (max-width: 393px) 100vw, 393px\" \/><\/a><figcaption>Faberg\u00e9 Pearl Egg Closed 2015<\/figcaption><\/figure><\/div>\n\n\n\n<p><strong>India, too, shares the love for colour and coloured gemstones and enameling \u2013&nbsp;tell us more about your recent tie up with Diacolor to display shop-in-shop Faberg\u00e9 timepieces in Delhi. &nbsp;<\/strong><\/p>\n\n\n\n<p>Diacolor shares our passion for exquisite gemstones, timepieces and first-class customer service and care. We are in discussions to also introduce our jewellery and <em>objets d\u2019art<\/em> as part of a phased expansion over the next few years<em>. <\/em>&nbsp;<\/p>\n\n\n\n<div class=\"wp-block-image\"><figure class=\"aligncenter size-large is-resized\"><a href=\"https:\/\/gjepc.org\/solitaire\/wp-content\/uploads\/2020\/11\/Duchesss-Malborough-egg-by-Faberge.jpg\" rel=\"mfp\"><img loading=\"lazy\" decoding=\"async\" src=\"data:image\/gif;base64,R0lGODlhAQABAAAAACH5BAEKAAEALAAAAAABAAEAAAICTAEAOw==\" data-src=\"https:\/\/gjepc.org\/solitaire\/wp-content\/uploads\/2020\/11\/Duchesss-Malborough-egg-by-Faberge-814x1024.jpg\" alt=\"\" class=\"wp-image-2481 lazyload\" width=\"420\" height=\"527\" data-sizes=\"auto\" data-srcset=\"https:\/\/gjepc.org\/solitaire\/wp-content\/uploads\/2020\/11\/Duchesss-Malborough-egg-by-Faberge-814x1024.jpg 814w, https:\/\/gjepc.org\/solitaire\/wp-content\/uploads\/2020\/11\/Duchesss-Malborough-egg-by-Faberge-239x300.jpg 239w, https:\/\/gjepc.org\/solitaire\/wp-content\/uploads\/2020\/11\/Duchesss-Malborough-egg-by-Faberge-768x966.jpg 768w, https:\/\/gjepc.org\/solitaire\/wp-content\/uploads\/2020\/11\/Duchesss-Malborough-egg-by-Faberge-1222x1536.jpg 1222w, https:\/\/gjepc.org\/solitaire\/wp-content\/uploads\/2020\/11\/Duchesss-Malborough-egg-by-Faberge-450x566.jpg 450w, https:\/\/gjepc.org\/solitaire\/wp-content\/uploads\/2020\/11\/Duchesss-Malborough-egg-by-Faberge-20x25.jpg 20w, https:\/\/gjepc.org\/solitaire\/wp-content\/uploads\/2020\/11\/Duchesss-Malborough-egg-by-Faberge-225x283.jpg 225w, https:\/\/gjepc.org\/solitaire\/wp-content\/uploads\/2020\/11\/Duchesss-Malborough-egg-by-Faberge-900x1132.jpg 900w, https:\/\/gjepc.org\/solitaire\/wp-content\/uploads\/2020\/11\/Duchesss-Malborough-egg-by-Faberge-1350x1697.jpg 1350w, https:\/\/gjepc.org\/solitaire\/wp-content\/uploads\/2020\/11\/Duchesss-Malborough-egg-by-Faberge-76x96.jpg 76w, https:\/\/gjepc.org\/solitaire\/wp-content\/uploads\/2020\/11\/Duchesss-Malborough-egg-by-Faberge.jpg 1500w\" sizes=\"auto, (max-width: 420px) 100vw, 420px\" \/><\/a><figcaption>Duchesss Malborough egg by Faberge<\/figcaption><\/figure><\/div>\n\n\n\n<p><strong>Are there any plans to unveil jewellery collections, too, in India?&nbsp;<\/strong><\/p>\n\n\n\n<p>The next five years will be a busy and exciting period for Faberg\u00e9 in India, and we are delighted to partner with Diacolor on this next step.&nbsp;<\/p>\n\n\n\n<p><strong>Has the modern-day Faberg\u00e9 brand upheld the traditional ethos, workmanship and artistry of the past? How has it adapted the values and designs to appeal to the modern-day consumer? &nbsp;<\/strong><\/p>\n\n\n\n<p>Just as the Faberg\u00e9 of the past, Faberg\u00e9 today offers a wide collection of jewellery, timepieces and<em> objet d\u2019art<\/em>, including of course egg pendants. We do not copy previous designs but take inspiration from our past to create contemporary pieces. &nbsp;<\/p>\n\n\n\n<p>Today\u2019s Company continues to be inspired by the spirit and ethos of Peter Carl Faberg\u00e9 and his workmasters to create jewellery and objects for the 21st century. As we remember his passing 100 years ago, his legacy, that of the \u201cartist jeweller\u201d as he described himself, lives on. We take forward the concepts of fine craftsmanship, colour, creativity and collaboration not only with our makers but also with our clients.&nbsp;<\/p>\n\n\n\n<div class=\"wp-block-image\"><figure class=\"aligncenter size-large is-resized\"><a href=\"https:\/\/gjepc.org\/solitaire\/wp-content\/uploads\/2020\/11\/The-Palais-Tsarskoye-Selo-heart-locket-features-turquoise-guilloch\u00e9-enamel-and-round-white-diamonds-set-in-18-karat-yellow-gold.-The-concealed-heart-is-decorated-with-red-enamel-by-Faberge..jpg\" rel=\"mfp\"><img loading=\"lazy\" decoding=\"async\" src=\"data:image\/gif;base64,R0lGODlhAQABAAAAACH5BAEKAAEALAAAAAABAAEAAAICTAEAOw==\" data-src=\"https:\/\/gjepc.org\/solitaire\/wp-content\/uploads\/2020\/11\/The-Palais-Tsarskoye-Selo-heart-locket-features-turquoise-guilloch\u00e9-enamel-and-round-white-diamonds-set-in-18-karat-yellow-gold.-The-concealed-heart-is-decorated-with-red-enamel-by-Faberge.-438x1024.jpg\" alt=\"\" class=\"wp-image-2479 lazyload\" width=\"221\" height=\"517\" data-sizes=\"auto\" data-srcset=\"https:\/\/gjepc.org\/solitaire\/wp-content\/uploads\/2020\/11\/The-Palais-Tsarskoye-Selo-heart-locket-features-turquoise-guilloch\u00e9-enamel-and-round-white-diamonds-set-in-18-karat-yellow-gold.-The-concealed-heart-is-decorated-with-red-enamel-by-Faberge.-438x1024.jpg 438w, https:\/\/gjepc.org\/solitaire\/wp-content\/uploads\/2020\/11\/The-Palais-Tsarskoye-Selo-heart-locket-features-turquoise-guilloch\u00e9-enamel-and-round-white-diamonds-set-in-18-karat-yellow-gold.-The-concealed-heart-is-decorated-with-red-enamel-by-Faberge.-128x300.jpg 128w, https:\/\/gjepc.org\/solitaire\/wp-content\/uploads\/2020\/11\/The-Palais-Tsarskoye-Selo-heart-locket-features-turquoise-guilloch\u00e9-enamel-and-round-white-diamonds-set-in-18-karat-yellow-gold.-The-concealed-heart-is-decorated-with-red-enamel-by-Faberge.-768x1797.jpg 768w, https:\/\/gjepc.org\/solitaire\/wp-content\/uploads\/2020\/11\/The-Palais-Tsarskoye-Selo-heart-locket-features-turquoise-guilloch\u00e9-enamel-and-round-white-diamonds-set-in-18-karat-yellow-gold.-The-concealed-heart-is-decorated-with-red-enamel-by-Faberge.-656x1536.jpg 656w, https:\/\/gjepc.org\/solitaire\/wp-content\/uploads\/2020\/11\/The-Palais-Tsarskoye-Selo-heart-locket-features-turquoise-guilloch\u00e9-enamel-and-round-white-diamonds-set-in-18-karat-yellow-gold.-The-concealed-heart-is-decorated-with-red-enamel-by-Faberge.-875x2048.jpg 875w, https:\/\/gjepc.org\/solitaire\/wp-content\/uploads\/2020\/11\/The-Palais-Tsarskoye-Selo-heart-locket-features-turquoise-guilloch\u00e9-enamel-and-round-white-diamonds-set-in-18-karat-yellow-gold.-The-concealed-heart-is-decorated-with-red-enamel-by-Faberge.-450x1053.jpg 450w, https:\/\/gjepc.org\/solitaire\/wp-content\/uploads\/2020\/11\/The-Palais-Tsarskoye-Selo-heart-locket-features-turquoise-guilloch\u00e9-enamel-and-round-white-diamonds-set-in-18-karat-yellow-gold.-The-concealed-heart-is-decorated-with-red-enamel-by-Faberge.-225x527.jpg 225w, https:\/\/gjepc.org\/solitaire\/wp-content\/uploads\/2020\/11\/The-Palais-Tsarskoye-Selo-heart-locket-features-turquoise-guilloch\u00e9-enamel-and-round-white-diamonds-set-in-18-karat-yellow-gold.-The-concealed-heart-is-decorated-with-red-enamel-by-Faberge.-900x2106.jpg 900w, https:\/\/gjepc.org\/solitaire\/wp-content\/uploads\/2020\/11\/The-Palais-Tsarskoye-Selo-heart-locket-features-turquoise-guilloch\u00e9-enamel-and-round-white-diamonds-set-in-18-karat-yellow-gold.-The-concealed-heart-is-decorated-with-red-enamel-by-Faberge.-20x47.jpg 20w, https:\/\/gjepc.org\/solitaire\/wp-content\/uploads\/2020\/11\/The-Palais-Tsarskoye-Selo-heart-locket-features-turquoise-guilloch\u00e9-enamel-and-round-white-diamonds-set-in-18-karat-yellow-gold.-The-concealed-heart-is-decorated-with-red-enamel-by-Faberge.-41x96.jpg 41w, https:\/\/gjepc.org\/solitaire\/wp-content\/uploads\/2020\/11\/The-Palais-Tsarskoye-Selo-heart-locket-features-turquoise-guilloch\u00e9-enamel-and-round-white-diamonds-set-in-18-karat-yellow-gold.-The-concealed-heart-is-decorated-with-red-enamel-by-Faberge..jpg 1000w\" sizes=\"auto, (max-width: 221px) 100vw, 221px\" \/><\/a><figcaption>The Palais Tsarskoye Selo heart locket features turquoise guilloch\u00e9 enamel and round white diamonds, set in 18-karat yellow gold. The concealed heart is decorated with red enamel by Faberge.<\/figcaption><\/figure><\/div>\n\n\n\n<p>Emotion Multi-coloured High Jewellery Pendant<\/p>\n\n\n\n<p>The Emotion Collection, infused with intense colour, explores the intellectual and artistic richness of Faberg\u00e9&#8217;s world. These bold and daring jewels, pushing the boundaries of design and craftsmanship in true Faberg\u00e9 spirit, explore Bohemian, Impressionist and Fauvist views of vivid colour as an emotional force and an expression of feeling. Emotion multi-coloured 18-karat yellow gold pendant necklace features multi-coloured sapphires, rubies, emeralds and tsavorites by Faberge.<\/p>\n","protected":false},"excerpt":{"rendered":"<p>Faberg\u00e9, the 178-year-old iconic jewellery brand, marked the death centenary of the creative genius Peter Carl Faberg\u00e9 on 24th September this year. In an exclusive interview with Solitaire, his great granddaughter Sarah Faberg\u00e9, a founder member of The Faberg\u00e9 Heritage Council, speaksabout the journey of reviving a jewellery legacy and the company\u2019s plans for the&hellip;<\/p>\n","protected":false},"author":3,"featured_media":2488,"comment_status":"open","ping_status":"closed","sticky":false,"template":"","format":"standard","meta":{"footnotes":""},"categories":[107,79],"tags":[],"thb-sponsors":[],"class_list":["post-2478","post","type-post","status-publish","format-standard","has-post-thumbnail","hentry","category-retail","category-viewpoint"],"acf":[],"yoast_head":"<!-- This site is optimized with the Yoast SEO plugin v14.5 - https:\/\/yoast.com\/wordpress\/plugins\/seo\/ -->\n<title>Sarah Faberg\u00e9: The Legacy Keeper - Solitaire magazine is a International jewellery magazine - India\u2019s leading B2B gem and jewellery magazine<\/title>\n<meta name=\"robots\" content=\"index, follow\" \/>\n<meta name=\"googlebot\" content=\"index, follow, max-snippet:-1, max-image-preview:large, max-video-preview:-1\" \/>\n<meta name=\"bingbot\" content=\"index, follow, max-snippet:-1, max-image-preview:large, max-video-preview:-1\" \/>\n<link rel=\"canonical\" href=\"https:\/\/gjepc.org\/solitaire\/sarah-faberge-the-legacy-keeper\/\" \/>\n<meta property=\"og:locale\" content=\"en_US\" \/>\n<meta property=\"og:type\" content=\"article\" \/>\n<meta property=\"og:title\" content=\"Sarah Faberg\u00e9: The Legacy Keeper - Solitaire magazine is a International jewellery magazine - India\u2019s leading B2B gem and jewellery magazine\" \/>\n<meta property=\"og:description\" content=\"Faberg\u00e9, the 178-year-old iconic jewellery brand, marked the death centenary of the creative genius Peter Carl Faberg\u00e9 on 24th September this year. In an exclusive interview with Solitaire, his great granddaughter Sarah Faberg\u00e9, a founder member of The Faberg\u00e9 Heritage Council, speaksabout the journey of reviving a jewellery legacy and the company\u2019s plans for the&hellip;\" \/>\n<meta property=\"og:url\" content=\"https:\/\/gjepc.org\/solitaire\/sarah-faberge-the-legacy-keeper\/\" \/>\n<meta property=\"og:site_name\" content=\"Solitaire magazine is a International jewellery magazine - India\u2019s leading B2B gem and jewellery magazine\" \/>\n<meta property=\"article:published_time\" content=\"2020-11-06T04:11:05+00:00\" \/>\n<meta property=\"article:modified_time\" content=\"2021-06-09T05:44:38+00:00\" \/>\n<meta property=\"og:image\" content=\"https:\/\/gjepc.org\/solitaire\/wp-content\/uploads\/2020\/11\/18-karat-gold-Hilal-ring-set-with-diamonds-and-a-Zambian-emerald-by-Faberge-1-1.jpg\" \/>\n\t<meta property=\"og:image:width\" content=\"2000\" \/>\n\t<meta property=\"og:image:height\" content=\"1100\" \/>\n<meta name=\"twitter:card\" content=\"summary_large_image\" \/>\n<script type=\"application\/ld+json\" class=\"yoast-schema-graph\">{\"@context\":\"https:\/\/schema.org\",\"@graph\":[{\"@type\":\"WebSite\",\"@id\":\"https:\/\/gjepc.org\/solitaire\/#website\",\"url\":\"https:\/\/gjepc.org\/solitaire\/\",\"name\":\"Solitaire magazine is a International jewellery magazine - India\\u2019s leading B2B gem and jewellery magazine\",\"description\":\"\",\"potentialAction\":[{\"@type\":\"SearchAction\",\"target\":\"https:\/\/gjepc.org\/solitaire\/?s={search_term_string}\",\"query-input\":\"required name=search_term_string\"}],\"inLanguage\":\"en-US\"},{\"@type\":\"ImageObject\",\"@id\":\"https:\/\/gjepc.org\/solitaire\/sarah-faberge-the-legacy-keeper\/#primaryimage\",\"inLanguage\":\"en-US\",\"url\":\"https:\/\/gjepc.org\/solitaire\/wp-content\/uploads\/2020\/11\/18-karat-gold-Hilal-ring-set-with-diamonds-and-a-Zambian-emerald-by-Faberge-1-1.jpg\",\"width\":2000,\"height\":1100},{\"@type\":\"WebPage\",\"@id\":\"https:\/\/gjepc.org\/solitaire\/sarah-faberge-the-legacy-keeper\/#webpage\",\"url\":\"https:\/\/gjepc.org\/solitaire\/sarah-faberge-the-legacy-keeper\/\",\"name\":\"Sarah Faberg\\u00e9: The Legacy Keeper - Solitaire magazine is a International jewellery magazine - India\\u2019s leading B2B gem and jewellery magazine\",\"isPartOf\":{\"@id\":\"https:\/\/gjepc.org\/solitaire\/#website\"},\"primaryImageOfPage\":{\"@id\":\"https:\/\/gjepc.org\/solitaire\/sarah-faberge-the-legacy-keeper\/#primaryimage\"},\"datePublished\":\"2020-11-06T04:11:05+00:00\",\"dateModified\":\"2021-06-09T05:44:38+00:00\",\"author\":{\"@id\":\"https:\/\/gjepc.org\/solitaire\/#\/schema\/person\/9fb7ee18bb0ee6495ba78f48f508bcc5\"},\"inLanguage\":\"en-US\",\"potentialAction\":[{\"@type\":\"ReadAction\",\"target\":[\"https:\/\/gjepc.org\/solitaire\/sarah-faberge-the-legacy-keeper\/\"]}]},{\"@type\":[\"Person\"],\"@id\":\"https:\/\/gjepc.org\/solitaire\/#\/schema\/person\/9fb7ee18bb0ee6495ba78f48f508bcc5\",\"name\":\"Shanoo Bijlani\",\"image\":{\"@type\":\"ImageObject\",\"@id\":\"https:\/\/gjepc.org\/solitaire\/#personlogo\",\"inLanguage\":\"en-US\",\"url\":\"https:\/\/secure.gravatar.com\/avatar\/30367b4f39ee75e29e8eb53937913df409900114c6d6f7f3fc8c8134a284701c?s=96&d=mm&r=g\",\"caption\":\"Shanoo Bijlani\"}}]}<\/script>\n<!-- \/ Yoast SEO plugin. -->","_links":{"self":[{"href":"https:\/\/gjepc.org\/solitaire\/wp-json\/wp\/v2\/posts\/2478","targetHints":{"allow":["GET"]}}],"collection":[{"href":"https:\/\/gjepc.org\/solitaire\/wp-json\/wp\/v2\/posts"}],"about":[{"href":"https:\/\/gjepc.org\/solitaire\/wp-json\/wp\/v2\/types\/post"}],"author":[{"embeddable":true,"href":"https:\/\/gjepc.org\/solitaire\/wp-json\/wp\/v2\/users\/3"}],"replies":[{"embeddable":true,"href":"https:\/\/gjepc.org\/solitaire\/wp-json\/wp\/v2\/comments?post=2478"}],"version-history":[{"count":3,"href":"https:\/\/gjepc.org\/solitaire\/wp-json\/wp\/v2\/posts\/2478\/revisions"}],"predecessor-version":[{"id":2493,"href":"https:\/\/gjepc.org\/solitaire\/wp-json\/wp\/v2\/posts\/2478\/revisions\/2493"}],"wp:featuredmedia":[{"embeddable":true,"href":"https:\/\/gjepc.org\/solitaire\/wp-json\/wp\/v2\/media\/2488"}],"wp:attachment":[{"href":"https:\/\/gjepc.org\/solitaire\/wp-json\/wp\/v2\/media?parent=2478"}],"wp:term":[{"taxonomy":"category","embeddable":true,"href":"https:\/\/gjepc.org\/solitaire\/wp-json\/wp\/v2\/categories?post=2478"},{"taxonomy":"post_tag","embeddable":true,"href":"https:\/\/gjepc.org\/solitaire\/wp-json\/wp\/v2\/tags?post=2478"},{"taxonomy":"thb-sponsors","embeddable":true,"href":"https:\/\/gjepc.org\/solitaire\/wp-json\/wp\/v2\/thb-sponsors?post=2478"}],"curies":[{"name":"wp","href":"https:\/\/api.w.org\/{rel}","templated":true}]}}